{"id":13156,"date":"2026-09-02T03:45:07","date_gmt":"2026-09-02T09:45:07","guid":{"rendered":"https:\/\/alerojo.mx\/?p=13156"},"modified":"2026-09-02T03:45:07","modified_gmt":"2026-09-02T09:45:07","slug":"renace-cuauhtemoc-recupera-cancha-de-futbol-en-tlatelolco-para-3-mil-ninas-ninos-y-jovenes","status":"publish","type":"post","link":"https:\/\/alerojo.mx\/?p=13156","title":{"rendered":"RENACE CUAUHT\u00c9MOC RECUPERA CANCHA DE FUTBOL EN TLATELOLCO PARA 3 MIL NI\u00d1AS, NI\u00d1OS Y J\u00d3VENES"},"content":{"rendered":"\n<div class=\"wp-block-group is-layout-constrained wp-block-group-is-layout-constrained\" style=\"padding-top:0;padding-bottom:0\">\n<div class=\"wp-block-uagb-container uagb-layout-flex uagb-block-8d1ab1ee alignfull uagb-is-root-container\">\n<div class=\"wp-block-uagb-container uagb-block-6db16740\">\n<h2 class=\"wp-block-heading has-text-align-left\" style=\"margin-top:0;margin-bottom:0;font-size:30px\">RENACE CUAUHT\u00c9MOC RECUPERA CANCHA DE FUTBOL EN TLATELOLCO PARA 3 MIL NI\u00d1AS, NI\u00d1OS Y J\u00d3VENES<\/h2>\n\n\n\n<p class=\"wp-block-paragraph\">01 septiembre 2026<\/p>\n\n\n\n<p class=\"has-medium-font-size wp-block-paragraph\"><strong>Entregu\u00e9 la rehabilitaci\u00f3n de la cancha de futbol ubicada en la Tercera Secci\u00f3n de Tlatelolco<\/strong>, un espacio que diariamente es utilizado por ni\u00f1as, ni\u00f1os y j\u00f3venes de la zona y que ahora cuenta con mejores condiciones para la comunidad.<\/p>\n\n\n\n<p class=\"has-medium-font-size wp-block-paragraph\">Como parte de las acciones de Renace Cuauht\u00e9moc, realizamos trabajos de pintura en la cancha y los muros, pintura de herrer\u00eda, rehabilitaci\u00f3n de la reja perimetral, as\u00ed como aplanados y pintura en las gradas. Con estas labores recuperamos un espacio de uso cotidiano para las vecinas y vecinos de esta zona.<\/p>\n\n\n\n<figure class=\"wp-block-image aligncenter size-full is-resized\"><img fetchpriority=\"high\" decoding=\"async\" width=\"1040\" height=\"780\" src=\"https:\/\/alerojo.mx\/wp-content\/uploads\/2026\/09\/WhatsApp-Image-2026-09-01-at-8.13.40-PM-1.jpeg\" alt=\"RENACE CUAUHT\u00c9MOC RECUPERA CANCHA DE FUTBOL EN TLATELOLCO PARA 3 MIL NI\u00d1AS, NI\u00d1OS Y J\u00d3VENES\" class=\"wp-image-13158\" style=\"width:754px;height:auto\" srcset=\"https:\/\/alerojo.mx\/wp-content\/uploads\/2026\/09\/WhatsApp-Image-2026-09-01-at-8.13.40-PM-1.jpeg 1040w, https:\/\/alerojo.mx\/wp-content\/uploads\/2026\/09\/WhatsApp-Image-2026-09-01-at-8.13.40-PM-1-768x576.jpeg 768w\" sizes=\"(max-width: 1040px) 100vw, 1040px\" \/><\/figure>\n\n\n\n<p class=\"has-medium-font-size wp-block-paragraph\">La cancha beneficia aproximadamente a 3 mil ni\u00f1as, ni\u00f1os y j\u00f3venes, por lo que su rehabilitaci\u00f3n representa la recuperaci\u00f3n de un espacio p\u00fablico destinado a la actividad deportiva y a la convivencia de la comunidad.<\/p>\n\n\n\n<figure class=\"wp-block-image aligncenter size-full is-resized\"><img decoding=\"async\" width=\"1280\" height=\"949\" src=\"https:\/\/alerojo.mx\/wp-content\/uploads\/2026\/09\/WhatsApp-Image-2026-09-01-at-8.13.40-PM-2.jpeg\" alt=\"RENACE CUAUHT\u00c9MOC RECUPERA CANCHA DE FUTBOL EN TLATELOLCO PARA 3 MIL NI\u00d1AS, NI\u00d1OS Y J\u00d3VENES\" class=\"wp-image-13161\" style=\"width:754px;height:auto\" srcset=\"https:\/\/alerojo.mx\/wp-content\/uploads\/2026\/09\/WhatsApp-Image-2026-09-01-at-8.13.40-PM-2.jpeg 1280w, https:\/\/alerojo.mx\/wp-content\/uploads\/2026\/09\/WhatsApp-Image-2026-09-01-at-8.13.40-PM-2-1080x801.jpeg 1080w, https:\/\/alerojo.mx\/wp-content\/uploads\/2026\/09\/WhatsApp-Image-2026-09-01-at-8.13.40-PM-2-768x569.jpeg 768w\" sizes=\"(max-width: 1280px) 100vw, 1280px\" \/><\/figure>\n\n\n\n<p class=\"has-medium-font-size wp-block-paragraph\">Durante la entrega se\u00f1al\u00e9 que la recuperaci\u00f3n de espacios p\u00fablicos continuar\u00e1 en distintas colonias de la demarcaci\u00f3n, con el objetivo de que las instalaciones que utiliza la comunidad se encuentren en mejores condiciones. Desde Renace Cuauht\u00e9moc mantenemos el trabajo para recuperar canchas, deportivos y casas de cultura que forman parte de la vida cotidiana de las colonias.<\/p>\n\n\n\n<figure class=\"wp-block-image aligncenter size-full is-resized\"><img decoding=\"async\" width=\"1040\" height=\"769\" src=\"https:\/\/alerojo.mx\/wp-content\/uploads\/2026\/09\/WhatsApp-Image-2026-09-01-at-8.13.39-PM-1.jpeg\" alt=\"RENACE CUAUHT\u00c9MOC RECUPERA CANCHA DE FUTBOL EN TLATELOLCO PARA 3 MIL NI\u00d1AS, NI\u00d1OS Y J\u00d3VENES\" class=\"wp-image-13160\" style=\"width:754px;height:auto\" srcset=\"https:\/\/alerojo.mx\/wp-content\/uploads\/2026\/09\/WhatsApp-Image-2026-09-01-at-8.13.39-PM-1.jpeg 1040w, https:\/\/alerojo.mx\/wp-content\/uploads\/2026\/09\/WhatsApp-Image-2026-09-01-at-8.13.39-PM-1-768x568.jpeg 768w\" sizes=\"(max-width: 1040px) 100vw, 1040px\" \/><\/figure>\n\n\n\n<p class=\"has-medium-font-size wp-block-paragraph\">Tambi\u00e9n hice referencia a la informaci\u00f3n que se ha difundido en torno a algunas obras de recuperaci\u00f3n de espacios p\u00fablicos. Ante las distintas versiones, se\u00f1al\u00e9 que mi administraci\u00f3n continuar\u00e1 informando sobre los trabajos que realiza y entregando resultados directamente a las comunidades.<\/p>\n\n\n\n<figure class=\"wp-block-image aligncenter size-full is-resized\"><img loading=\"lazy\" decoding=\"async\" width=\"1280\" height=\"921\" src=\"https:\/\/alerojo.mx\/wp-content\/uploads\/2026\/09\/WhatsApp-Image-2026-09-01-at-8.13.40-PM.jpeg\" alt=\"RENACE CUAUHT\u00c9MOC RECUPERA CANCHA DE FUTBOL EN TLATELOLCO PARA 3 MIL NI\u00d1AS, NI\u00d1OS Y J\u00d3VENES\" class=\"wp-image-13159\" style=\"width:754px;height:auto\" srcset=\"https:\/\/alerojo.mx\/wp-content\/uploads\/2026\/09\/WhatsApp-Image-2026-09-01-at-8.13.40-PM.jpeg 1280w, https:\/\/alerojo.mx\/wp-content\/uploads\/2026\/09\/WhatsApp-Image-2026-09-01-at-8.13.40-PM-1080x777.jpeg 1080w, https:\/\/alerojo.mx\/wp-content\/uploads\/2026\/09\/WhatsApp-Image-2026-09-01-at-8.13.40-PM-768x553.jpeg 768w\" sizes=\"(max-width: 1280px) 100vw, 1280px\" \/><\/figure>\n\n\n\n<p class=\"has-medium-font-size wp-block-paragraph\"><strong>La rehabilitaci\u00f3n de esta cancha tambi\u00e9n fue posible gracias a las alianzas construidas por el gobierno de Cuauht\u00e9moc con la ciudadan\u00eda, la sociedad civil y el sector privado, con el prop\u00f3sito de recuperar espacios que son utilizados diariamente por las vecinas y vecinos de la demarcaci\u00f3n.<\/strong><\/p>\n\n\n\n<figure class=\"wp-block-image aligncenter size-full is-resized\"><img loading=\"lazy\" decoding=\"async\" width=\"1280\" height=\"960\" src=\"https:\/\/alerojo.mx\/wp-content\/uploads\/2026\/09\/WhatsApp-Image-2026-09-01-at-8.13.39-PM-2.jpeg\" alt=\"RENACE CUAUHT\u00c9MOC RECUPERA CANCHA DE FUTBOL EN TLATELOLCO PARA 3 MIL NI\u00d1AS, NI\u00d1OS Y J\u00d3VENES\" class=\"wp-image-13162\" style=\"width:754px;height:auto\" srcset=\"https:\/\/alerojo.mx\/wp-content\/uploads\/2026\/09\/WhatsApp-Image-2026-09-01-at-8.13.39-PM-2.jpeg 1280w, https:\/\/alerojo.mx\/wp-content\/uploads\/2026\/09\/WhatsApp-Image-2026-09-01-at-8.13.39-PM-2-1080x810.jpeg 1080w, https:\/\/alerojo.mx\/wp-content\/uploads\/2026\/09\/WhatsApp-Image-2026-09-01-at-8.13.39-PM-2-768x576.jpeg 768w\" sizes=\"(max-width: 1280px) 100vw, 1280px\" \/><\/figure>\n\n\n\n<p class=\"has-medium-font-size wp-block-paragraph\"><\/p>\n<\/div>\n\n\n\n<div class=\"wp-block-uagb-container uagb-block-9e0c0e8d\">\n<div class=\"wp-block-uagb-container uagb-block-65ede2b7\">\n<ul class=\"wp-block-social-links alignleft has-icon-color has-icon-background-color is-style-default is-horizontal is-content-justification-space-between is-nowrap is-layout-flex wp-container-core-social-links-is-layout-c2285a0f wp-block-social-links-is-layout-flex\" style=\"margin-right:0;margin-left:0\"><li style=\"color:#ffffff;background-color:var(--ast-global-color-0)\" class=\"wp-social-link wp-social-link-facebook has-white-color wp-block-social-link\"><a rel=\"noopener nofollow\" target=\"_blank\" href=\"https:\/\/www.facebook.com\/AlessandraRdlV\" class=\"wp-block-social-link-anchor\"><svg width=\"24\" height=\"24\" viewBox=\"0 0 24 24\" version=\"1.1\" xmlns=\"http:\/\/www.w3.org\/2000\/svg\" aria-hidden=\"true\" focusable=\"false\"><path d=\"M12 2C6.5 2 2 6.5 2 12c0 5 3.7 9.1 8.4 9.9v-7H7.9V12h2.5V9.8c0-2.5 1.5-3.9 3.8-3.9 1.1 0 2.2.2 2.2.2v2.5h-1.3c-1.2 0-1.6.8-1.6 1.6V12h2.8l-.4 2.9h-2.3v7C18.3 21.1 22 17 22 12c0-5.5-4.5-10-10-10z\"><\/path><\/svg><span class=\"wp-block-social-link-label screen-reader-text\">Facebook<\/span><\/a><\/li>\n\n<li style=\"color:#ffffff;background-color:var(--ast-global-color-0)\" class=\"wp-social-link wp-social-link-instagram has-white-color wp-block-social-link\"><a rel=\"noopener nofollow\" target=\"_blank\" href=\"https:\/\/www.instagram.com\/alessandrardlv\/\" class=\"wp-block-social-link-anchor\"><svg width=\"24\" height=\"24\" viewBox=\"0 0 24 24\" version=\"1.1\" xmlns=\"http:\/\/www.w3.org\/2000\/svg\" aria-hidden=\"true\" focusable=\"false\"><path d=\"M12,4.622c2.403,0,2.688,0.009,3.637,0.052c0.877,0.04,1.354,0.187,1.671,0.31c0.42,0.163,0.72,0.358,1.035,0.673 c0.315,0.315,0.51,0.615,0.673,1.035c0.123,0.317,0.27,0.794,0.31,1.671c0.043,0.949,0.052,1.234,0.052,3.637 s-0.009,2.688-0.052,3.637c-0.04,0.877-0.187,1.354-0.31,1.671c-0.163,0.42-0.358,0.72-0.673,1.035 c-0.315,0.315-0.615,0.51-1.035,0.673c-0.317,0.123-0.794,0.27-1.671,0.31c-0.949,0.043-1.233,0.052-3.637,0.052 s-2.688-0.009-3.637-0.052c-0.877-0.04-1.354-0.187-1.671-0.31c-0.42-0.163-0.72-0.358-1.035-0.673 c-0.315-0.315-0.51-0.615-0.673-1.035c-0.123-0.317-0.27-0.794-0.31-1.671C4.631,14.688,4.622,14.403,4.622,12 s0.009-2.688,0.052-3.637c0.04-0.877,0.187-1.354,0.31-1.671c0.163-0.42,0.358-0.72,0.673-1.035 c0.315-0.315,0.615-0.51,1.035-0.673c0.317-0.123,0.794-0.27,1.671-0.31C9.312,4.631,9.597,4.622,12,4.622 M12,3 C9.556,3,9.249,3.01,8.289,3.054C7.331,3.098,6.677,3.25,6.105,3.472C5.513,3.702,5.011,4.01,4.511,4.511 c-0.5,0.5-0.808,1.002-1.038,1.594C3.25,6.677,3.098,7.331,3.054,8.289C3.01,9.249,3,9.556,3,12c0,2.444,0.01,2.751,0.054,3.711 c0.044,0.958,0.196,1.612,0.418,2.185c0.23,0.592,0.538,1.094,1.038,1.594c0.5,0.5,1.002,0.808,1.594,1.038 c0.572,0.222,1.227,0.375,2.185,0.418C9.249,20.99,9.556,21,12,21s2.751-0.01,3.711-0.054c0.958-0.044,1.612-0.196,2.185-0.418 c0.592-0.23,1.094-0.538,1.594-1.038c0.5-0.5,0.808-1.002,1.038-1.594c0.222-0.572,0.375-1.227,0.418-2.185 C20.99,14.751,21,14.444,21,12s-0.01-2.751-0.054-3.711c-0.044-0.958-0.196-1.612-0.418-2.185c-0.23-0.592-0.538-1.094-1.038-1.594 c-0.5-0.5-1.002-0.808-1.594-1.038c-0.572-0.222-1.227-0.375-2.185-0.418C14.751,3.01,14.444,3,12,3L12,3z M12,7.378 c-2.552,0-4.622,2.069-4.622,4.622S9.448,16.622,12,16.622s4.622-2.069,4.622-4.622S14.552,7.378,12,7.378z M12,15 c-1.657,0-3-1.343-3-3s1.343-3,3-3s3,1.343,3,3S13.657,15,12,15z M16.804,6.116c-0.596,0-1.08,0.484-1.08,1.08 s0.484,1.08,1.08,1.08c0.596,0,1.08-0.484,1.08-1.08S17.401,6.116,16.804,6.116z\"><\/path><\/svg><span class=\"wp-block-social-link-label screen-reader-text\">Instagram<\/span><\/a><\/li>\n\n<li style=\"color:#ffffff;background-color:var(--ast-global-color-0)\" class=\"wp-social-link wp-social-link-x has-white-color wp-block-social-link\"><a rel=\"noopener nofollow\" target=\"_blank\" href=\"https:\/\/x.com\/AlessandraRdlv\" class=\"wp-block-social-link-anchor\"><svg width=\"24\" height=\"24\" viewBox=\"0 0 24 24\" version=\"1.1\" xmlns=\"http:\/\/www.w3.org\/2000\/svg\" aria-hidden=\"true\" focusable=\"false\"><path d=\"M13.982 10.622 20.54 3h-1.554l-5.693 6.618L8.745 3H3.5l6.876 10.007L3.5 21h1.554l6.012-6.989L15.868 21h5.245l-7.131-10.378Zm-2.128 2.474-.697-.997-5.543-7.93H8l4.474 6.4.697.996 5.815 8.318h-2.387l-4.745-6.787Z\" \/><\/svg><span class=\"wp-block-social-link-label screen-reader-text\">X<\/span><\/a><\/li>\n\n<li style=\"color:#ffffff;background-color:var(--ast-global-color-0)\" class=\"wp-social-link wp-social-link-tiktok has-white-color wp-block-social-link\"><a rel=\"noopener nofollow\" target=\"_blank\" href=\"https:\/\/www.tiktok.com\/@alessandrardlv?lang=es\" class=\"wp-block-social-link-anchor\"><svg width=\"24\" height=\"24\" viewBox=\"0 0 32 32\" version=\"1.1\" xmlns=\"http:\/\/www.w3.org\/2000\/svg\" aria-hidden=\"true\" focusable=\"false\"><path d=\"M16.708 0.027c1.745-0.027 3.48-0.011 5.213-0.027 0.105 2.041 0.839 4.12 2.333 5.563 1.491 1.479 3.6 2.156 5.652 2.385v5.369c-1.923-0.063-3.855-0.463-5.6-1.291-0.76-0.344-1.468-0.787-2.161-1.24-0.009 3.896 0.016 7.787-0.025 11.667-0.104 1.864-0.719 3.719-1.803 5.255-1.744 2.557-4.771 4.224-7.88 4.276-1.907 0.109-3.812-0.411-5.437-1.369-2.693-1.588-4.588-4.495-4.864-7.615-0.032-0.667-0.043-1.333-0.016-1.984 0.24-2.537 1.495-4.964 3.443-6.615 2.208-1.923 5.301-2.839 8.197-2.297 0.027 1.975-0.052 3.948-0.052 5.923-1.323-0.428-2.869-0.308-4.025 0.495-0.844 0.547-1.485 1.385-1.819 2.333-0.276 0.676-0.197 1.427-0.181 2.145 0.317 2.188 2.421 4.027 4.667 3.828 1.489-0.016 2.916-0.88 3.692-2.145 0.251-0.443 0.532-0.896 0.547-1.417 0.131-2.385 0.079-4.76 0.095-7.145 0.011-5.375-0.016-10.735 0.025-16.093z\" \/><\/svg><span class=\"wp-block-social-link-label screen-reader-text\">TikTok<\/span><\/a><\/li><\/ul>\n<\/div>\n\n\n\n\t\t\t<div class=\"wp-block-uagb-post-grid uagb-post-grid  uagb-post__image-position-top uagb-post__image-enabled uagb-block-697b19bb     uagb-post__items uagb-post__columns-1 is-grid uagb-post__columns-tablet-2 uagb-post__columns-mobile-1 uagb-post__equal-height\" data-total=\"86\" style=\"\">\n\n\t\t\t\t\t\t\t\t\t\t\t\t<article class=\"uagb-post__inner-wrap\">\t\t\t\t\t\t\t\t<div class='uagb-post__image'>\n\t\t\t\t\t\t\t\t\t<a href=\"https:\/\/alerojo.mx\/?p=13183\" target=\"_self\" rel=\"bookmark noopener noreferrer\" class='uagb-image-ratio-inherit'><img loading=\"lazy\" decoding=\"async\" width=\"1352\" height=\"798\" src=\"https:\/\/alerojo.mx\/wp-content\/uploads\/2026\/09\/ALE-ROJO-DE-LA-VEGA-RECIBE-A-LEGISLADORES-DE-NUEVA-YORK-PARA-COMPARTIR-EXPERIENCIAS-DE-GOBIERNO-LOCAL.jpg\" class=\"attachment-large size-large\" alt=\"ALE ROJO DE LA VEGA RECIBE A LEGISLADORES DE NUEVA YORK PARA COMPARTIR EXPERIENCIAS DE GOBIERNO LOCAL\" srcset=\"https:\/\/alerojo.mx\/wp-content\/uploads\/2026\/09\/ALE-ROJO-DE-LA-VEGA-RECIBE-A-LEGISLADORES-DE-NUEVA-YORK-PARA-COMPARTIR-EXPERIENCIAS-DE-GOBIERNO-LOCAL.jpg 1352w, https:\/\/alerojo.mx\/wp-content\/uploads\/2026\/09\/ALE-ROJO-DE-LA-VEGA-RECIBE-A-LEGISLADORES-DE-NUEVA-YORK-PARA-COMPARTIR-EXPERIENCIAS-DE-GOBIERNO-LOCAL-1080x637.jpg 1080w, https:\/\/alerojo.mx\/wp-content\/uploads\/2026\/09\/ALE-ROJO-DE-LA-VEGA-RECIBE-A-LEGISLADORES-DE-NUEVA-YORK-PARA-COMPARTIR-EXPERIENCIAS-DE-GOBIERNO-LOCAL-768x453.jpg 768w\" sizes=\"(max-width: 1352px) 100vw, 1352px\" \/>\t\t\t\t\t<\/a>\n\t\t\t\t\t\t\t<\/div>\n\t\t\t\t\t\t<h4 class=\"uagb-post__title uagb-post__text\">\n\t\t\t\t<a href=\"https:\/\/alerojo.mx\/?p=13183\" target=\"_self\" rel=\"bookmark noopener noreferrer\">ALE ROJO DE LA VEGA RECIBE A LEGISLADORES DE NUEVA YORK PARA COMPARTIR EXPERIENCIAS DE GOBIERNO LOCAL<\/a>\n\t\t\t<\/h4>\n\t\t\t\t\t\t<div class='uagb-post__text uagb-post-grid-byline'>\n\t\t\t\t\t\t\t<\/div>\n\t\t\t\t\t\t<div class=\"uagb-post__text uagb-post__cta wp-block-button\">\n\t\t\t\t<a class=\"wp-block-button__link uagb-text-link\" style=\"\" href=\"https:\/\/alerojo.mx\/?p=13183\" target=\"_self\" rel=\"bookmark noopener noreferrer\">Leer m\u00e1s<\/a>\n\t\t\t<\/div>\n\t\t\t\n\t\t\t\t\t\t\t\t\t<\/article>\n\t\t\t\t\t\t\t\t\t\t\t\t\t\t\t\t<article class=\"uagb-post__inner-wrap\">\t\t\t\t\t\t\t\t<div class='uagb-post__image'>\n\t\t\t\t\t\t\t\t\t<a href=\"https:\/\/alerojo.mx\/?p=13167\" target=\"_self\" rel=\"bookmark noopener noreferrer\" class='uagb-image-ratio-inherit'><img loading=\"lazy\" decoding=\"async\" width=\"1352\" height=\"798\" src=\"https:\/\/alerojo.mx\/wp-content\/uploads\/2026\/09\/ALE-ROJO-DE-LA-VEGA-ENTREGA-CANCHA-EN-LA-ROMA-SUR-Y-SUMA-MAS-DE-360-ESPACIOS-RECUPERADOS.jpg\" class=\"attachment-large size-large\" alt=\"ALE ROJO DE LA VEGA ENTREGA CANCHA EN LA ROMA SUR Y SUMA M\u00c1S DE 360 ESPACIOS RECUPERADOS\" srcset=\"https:\/\/alerojo.mx\/wp-content\/uploads\/2026\/09\/ALE-ROJO-DE-LA-VEGA-ENTREGA-CANCHA-EN-LA-ROMA-SUR-Y-SUMA-MAS-DE-360-ESPACIOS-RECUPERADOS.jpg 1352w, https:\/\/alerojo.mx\/wp-content\/uploads\/2026\/09\/ALE-ROJO-DE-LA-VEGA-ENTREGA-CANCHA-EN-LA-ROMA-SUR-Y-SUMA-MAS-DE-360-ESPACIOS-RECUPERADOS-1080x637.jpg 1080w, https:\/\/alerojo.mx\/wp-content\/uploads\/2026\/09\/ALE-ROJO-DE-LA-VEGA-ENTREGA-CANCHA-EN-LA-ROMA-SUR-Y-SUMA-MAS-DE-360-ESPACIOS-RECUPERADOS-768x453.jpg 768w\" sizes=\"(max-width: 1352px) 100vw, 1352px\" \/>\t\t\t\t\t<\/a>\n\t\t\t\t\t\t\t<\/div>\n\t\t\t\t\t\t<h4 class=\"uagb-post__title uagb-post__text\">\n\t\t\t\t<a href=\"https:\/\/alerojo.mx\/?p=13167\" target=\"_self\" rel=\"bookmark noopener noreferrer\">ALE ROJO DE LA VEGA ENTREGA CANCHA EN LA ROMA SUR Y SUMA M\u00c1S DE 360 ESPACIOS RECUPERADOS<\/a>\n\t\t\t<\/h4>\n\t\t\t\t\t\t<div class='uagb-post__text uagb-post-grid-byline'>\n\t\t\t\t\t\t\t<\/div>\n\t\t\t\t\t\t<div class=\"uagb-post__text uagb-post__cta wp-block-button\">\n\t\t\t\t<a class=\"wp-block-button__link uagb-text-link\" style=\"\" href=\"https:\/\/alerojo.mx\/?p=13167\" target=\"_self\" rel=\"bookmark noopener noreferrer\">Leer m\u00e1s<\/a>\n\t\t\t<\/div>\n\t\t\t\n\t\t\t\t\t\t\t\t\t<\/article>\n\t\t\t\t\t\t\t\t\t\t\t\t\t\t\t\t<article class=\"uagb-post__inner-wrap\">\t\t\t\t\t\t\t\t<div class='uagb-post__image'>\n\t\t\t\t\t\t\t\t\t<a href=\"https:\/\/alerojo.mx\/?p=13147\" target=\"_self\" rel=\"bookmark noopener noreferrer\" class='uagb-image-ratio-inherit'><img loading=\"lazy\" decoding=\"async\" width=\"1352\" height=\"798\" src=\"https:\/\/alerojo.mx\/wp-content\/uploads\/2026\/09\/MEXICO-NO-TIENE-DUENOS-Y-LA-LIBERTAD-ES-RESPONSABILIDAD-DE-TODAS-Y-TODOS.jpg\" class=\"attachment-large size-large\" alt=\"M\u00c9XICO NO TIENE DUE\u00d1OS Y LA LIBERTAD ES RESPONSABILIDAD DE TODAS Y TODOS\" srcset=\"https:\/\/alerojo.mx\/wp-content\/uploads\/2026\/09\/MEXICO-NO-TIENE-DUENOS-Y-LA-LIBERTAD-ES-RESPONSABILIDAD-DE-TODAS-Y-TODOS.jpg 1352w, https:\/\/alerojo.mx\/wp-content\/uploads\/2026\/09\/MEXICO-NO-TIENE-DUENOS-Y-LA-LIBERTAD-ES-RESPONSABILIDAD-DE-TODAS-Y-TODOS-1080x637.jpg 1080w, https:\/\/alerojo.mx\/wp-content\/uploads\/2026\/09\/MEXICO-NO-TIENE-DUENOS-Y-LA-LIBERTAD-ES-RESPONSABILIDAD-DE-TODAS-Y-TODOS-768x453.jpg 768w\" sizes=\"(max-width: 1352px) 100vw, 1352px\" \/>\t\t\t\t\t<\/a>\n\t\t\t\t\t\t\t<\/div>\n\t\t\t\t\t\t<h4 class=\"uagb-post__title uagb-post__text\">\n\t\t\t\t<a href=\"https:\/\/alerojo.mx\/?p=13147\" target=\"_self\" rel=\"bookmark noopener noreferrer\">M\u00c9XICO NO TIENE DUE\u00d1OS Y LA LIBERTAD ES RESPONSABILIDAD DE TODAS Y TODOS<\/a>\n\t\t\t<\/h4>\n\t\t\t\t\t\t<div class='uagb-post__text uagb-post-grid-byline'>\n\t\t\t\t\t\t\t<\/div>\n\t\t\t\t\t\t<div class=\"uagb-post__text uagb-post__cta wp-block-button\">\n\t\t\t\t<a class=\"wp-block-button__link uagb-text-link\" style=\"\" href=\"https:\/\/alerojo.mx\/?p=13147\" target=\"_self\" rel=\"bookmark noopener noreferrer\">Leer m\u00e1s<\/a>\n\t\t\t<\/div>\n\t\t\t\n\t\t\t\t\t\t\t\t\t<\/article>\n\t\t\t\t\t\t\t\t\t\t\t\t\t\t\t\t<article class=\"uagb-post__inner-wrap\">\t\t\t\t\t\t\t\t<div class='uagb-post__image'>\n\t\t\t\t\t\t\t\t\t<a href=\"https:\/\/alerojo.mx\/?p=13133\" target=\"_self\" rel=\"bookmark noopener noreferrer\" class='uagb-image-ratio-inherit'><img loading=\"lazy\" decoding=\"async\" width=\"1352\" height=\"798\" src=\"https:\/\/alerojo.mx\/wp-content\/uploads\/2026\/08\/CON-DESCABLEALE-RETIRAMOS-550-METROS-DE-CABLEADO-EN-DESUSO-EN-LA-COLONIA-HIPODROMO-1.jpg\" class=\"attachment-large size-large\" alt=\"\" srcset=\"https:\/\/alerojo.mx\/wp-content\/uploads\/2026\/08\/CON-DESCABLEALE-RETIRAMOS-550-METROS-DE-CABLEADO-EN-DESUSO-EN-LA-COLONIA-HIPODROMO-1.jpg 1352w, https:\/\/alerojo.mx\/wp-content\/uploads\/2026\/08\/CON-DESCABLEALE-RETIRAMOS-550-METROS-DE-CABLEADO-EN-DESUSO-EN-LA-COLONIA-HIPODROMO-1-1080x637.jpg 1080w, https:\/\/alerojo.mx\/wp-content\/uploads\/2026\/08\/CON-DESCABLEALE-RETIRAMOS-550-METROS-DE-CABLEADO-EN-DESUSO-EN-LA-COLONIA-HIPODROMO-1-768x453.jpg 768w\" sizes=\"(max-width: 1352px) 100vw, 1352px\" \/>\t\t\t\t\t<\/a>\n\t\t\t\t\t\t\t<\/div>\n\t\t\t\t\t\t<h4 class=\"uagb-post__title uagb-post__text\">\n\t\t\t\t<a href=\"https:\/\/alerojo.mx\/?p=13133\" target=\"_self\" rel=\"bookmark noopener noreferrer\">CON DESCABL\u00c9ALE RETIRAMOS 550 METROS DE CABLEADO EN DESUSO EN LA COLONIA HIP\u00d3DROMO<\/a>\n\t\t\t<\/h4>\n\t\t\t\t\t\t<div class='uagb-post__text uagb-post-grid-byline'>\n\t\t\t\t\t\t\t<\/div>\n\t\t\t\t\t\t<div class=\"uagb-post__text uagb-post__cta wp-block-button\">\n\t\t\t\t<a class=\"wp-block-button__link uagb-text-link\" style=\"\" href=\"https:\/\/alerojo.mx\/?p=13133\" target=\"_self\" rel=\"bookmark noopener noreferrer\">Leer m\u00e1s<\/a>\n\t\t\t<\/div>\n\t\t\t\n\t\t\t\t\t\t\t\t\t<\/article>\n\t\t\t\t\t\t\t\t\t\t\t\t\t\t\t\t<article class=\"uagb-post__inner-wrap\">\t\t\t\t\t\t\t\t<div class='uagb-post__image'>\n\t\t\t\t\t\t\t\t\t<a href=\"https:\/\/alerojo.mx\/?p=13125\" target=\"_self\" rel=\"bookmark noopener noreferrer\" class='uagb-image-ratio-inherit'><img loading=\"lazy\" decoding=\"async\" width=\"1352\" height=\"798\" src=\"https:\/\/alerojo.mx\/wp-content\/uploads\/2026\/08\/CON-MUSICA-Y-CONVIVENCIA-CELEBRAMOS-A-LAS-PERSONAS-ADULTAS-MAYORES-DE-CUAUHTEMOC.jpg\" class=\"attachment-large size-large\" alt=\"CON M\u00daSICA Y CONVIVENCIA CELEBRAMOS A LAS PERSONAS ADULTAS MAYORES DE CUAUHT\u00c9MOC\" srcset=\"https:\/\/alerojo.mx\/wp-content\/uploads\/2026\/08\/CON-MUSICA-Y-CONVIVENCIA-CELEBRAMOS-A-LAS-PERSONAS-ADULTAS-MAYORES-DE-CUAUHTEMOC.jpg 1352w, https:\/\/alerojo.mx\/wp-content\/uploads\/2026\/08\/CON-MUSICA-Y-CONVIVENCIA-CELEBRAMOS-A-LAS-PERSONAS-ADULTAS-MAYORES-DE-CUAUHTEMOC-1080x637.jpg 1080w, https:\/\/alerojo.mx\/wp-content\/uploads\/2026\/08\/CON-MUSICA-Y-CONVIVENCIA-CELEBRAMOS-A-LAS-PERSONAS-ADULTAS-MAYORES-DE-CUAUHTEMOC-768x453.jpg 768w\" sizes=\"(max-width: 1352px) 100vw, 1352px\" \/>\t\t\t\t\t<\/a>\n\t\t\t\t\t\t\t<\/div>\n\t\t\t\t\t\t<h4 class=\"uagb-post__title uagb-post__text\">\n\t\t\t\t<a href=\"https:\/\/alerojo.mx\/?p=13125\" target=\"_self\" rel=\"bookmark noopener noreferrer\">CON M\u00daSICA Y CONVIVENCIA CELEBRAMOS A LAS PERSONAS ADULTAS MAYORES DE CUAUHT\u00c9MOC<\/a>\n\t\t\t<\/h4>\n\t\t\t\t\t\t<div class='uagb-post__text uagb-post-grid-byline'>\n\t\t\t\t\t\t\t<\/div>\n\t\t\t\t\t\t<div class=\"uagb-post__text uagb-post__cta wp-block-button\">\n\t\t\t\t<a class=\"wp-block-button__link uagb-text-link\" style=\"\" href=\"https:\/\/alerojo.mx\/?p=13125\" target=\"_self\" rel=\"bookmark noopener noreferrer\">Leer m\u00e1s<\/a>\n\t\t\t<\/div>\n\t\t\t\n\t\t\t\t\t\t\t\t\t<\/article>\n\t\t\t\t\t\t\t\t\t\t\t\t\t\t\t\t<article class=\"uagb-post__inner-wrap\">\t\t\t\t\t\t\t\t<div class='uagb-post__image'>\n\t\t\t\t\t\t\t\t\t<a href=\"https:\/\/alerojo.mx\/?p=13114\" target=\"_self\" rel=\"bookmark noopener noreferrer\" class='uagb-image-ratio-inherit'><img loading=\"lazy\" decoding=\"async\" width=\"1352\" height=\"798\" src=\"https:\/\/alerojo.mx\/wp-content\/uploads\/2026\/08\/5-MIL-400-VEHICULOS-ABANDONADOS-MENOS-EN-LAS-CALLES-DE-CUAUHTEMOC.jpg\" class=\"attachment-large size-large\" alt=\"5 MIL 400 VEH\u00cdCULOS ABANDONADOS MENOS EN LAS CALLES DE CUAUHT\u00c9MOC\" srcset=\"https:\/\/alerojo.mx\/wp-content\/uploads\/2026\/08\/5-MIL-400-VEHICULOS-ABANDONADOS-MENOS-EN-LAS-CALLES-DE-CUAUHTEMOC.jpg 1352w, https:\/\/alerojo.mx\/wp-content\/uploads\/2026\/08\/5-MIL-400-VEHICULOS-ABANDONADOS-MENOS-EN-LAS-CALLES-DE-CUAUHTEMOC-1080x637.jpg 1080w, https:\/\/alerojo.mx\/wp-content\/uploads\/2026\/08\/5-MIL-400-VEHICULOS-ABANDONADOS-MENOS-EN-LAS-CALLES-DE-CUAUHTEMOC-768x453.jpg 768w\" sizes=\"(max-width: 1352px) 100vw, 1352px\" \/>\t\t\t\t\t<\/a>\n\t\t\t\t\t\t\t<\/div>\n\t\t\t\t\t\t<h4 class=\"uagb-post__title uagb-post__text\">\n\t\t\t\t<a href=\"https:\/\/alerojo.mx\/?p=13114\" target=\"_self\" rel=\"bookmark noopener noreferrer\">5 MIL 400 VEH\u00cdCULOS ABANDONADOS MENOS EN LAS CALLES DE CUAUHT\u00c9MOC<\/a>\n\t\t\t<\/h4>\n\t\t\t\t\t\t<div class='uagb-post__text uagb-post-grid-byline'>\n\t\t\t\t\t\t\t<\/div>\n\t\t\t\t\t\t<div class=\"uagb-post__text uagb-post__cta wp-block-button\">\n\t\t\t\t<a class=\"wp-block-button__link uagb-text-link\" style=\"\" href=\"https:\/\/alerojo.mx\/?p=13114\" target=\"_self\" rel=\"bookmark noopener noreferrer\">Leer m\u00e1s<\/a>\n\t\t\t<\/div>\n\t\t\t\n\t\t\t\t\t\t\t\t\t<\/article>\n\t\t\t\t\t\t\t\t\t\t\t\t\t\t\t\t<article class=\"uagb-post__inner-wrap\">\t\t\t\t\t\t\t\t<div class='uagb-post__image'>\n\t\t\t\t\t\t\t\t\t<a href=\"https:\/\/alerojo.mx\/?p=13103\" target=\"_self\" rel=\"bookmark noopener noreferrer\" class='uagb-image-ratio-inherit'><img loading=\"lazy\" decoding=\"async\" width=\"1352\" height=\"798\" src=\"https:\/\/alerojo.mx\/wp-content\/uploads\/2026\/08\/ALCALDIA-CUAUHTEMOC-FORTALECE-LA-ATENCION-A-MUJERES-VICTIMAS-DE-VIOLENCIA-CON-NUEVAS-ALIANZAS.jpg\" class=\"attachment-large size-large\" alt=\"ALCALD\u00cdA CUAUHT\u00c9MOC FORTALECE LA ATENCI\u00d3N A MUJERES V\u00cdCTIMAS DE VIOLENCIA CON NUEVAS ALIANZAS\" srcset=\"https:\/\/alerojo.mx\/wp-content\/uploads\/2026\/08\/ALCALDIA-CUAUHTEMOC-FORTALECE-LA-ATENCION-A-MUJERES-VICTIMAS-DE-VIOLENCIA-CON-NUEVAS-ALIANZAS.jpg 1352w, https:\/\/alerojo.mx\/wp-content\/uploads\/2026\/08\/ALCALDIA-CUAUHTEMOC-FORTALECE-LA-ATENCION-A-MUJERES-VICTIMAS-DE-VIOLENCIA-CON-NUEVAS-ALIANZAS-1080x637.jpg 1080w, https:\/\/alerojo.mx\/wp-content\/uploads\/2026\/08\/ALCALDIA-CUAUHTEMOC-FORTALECE-LA-ATENCION-A-MUJERES-VICTIMAS-DE-VIOLENCIA-CON-NUEVAS-ALIANZAS-768x453.jpg 768w\" sizes=\"(max-width: 1352px) 100vw, 1352px\" \/>\t\t\t\t\t<\/a>\n\t\t\t\t\t\t\t<\/div>\n\t\t\t\t\t\t<h4 class=\"uagb-post__title uagb-post__text\">\n\t\t\t\t<a href=\"https:\/\/alerojo.mx\/?p=13103\" target=\"_self\" rel=\"bookmark noopener noreferrer\">ALCALD\u00cdA CUAUHT\u00c9MOC FORTALECE LA ATENCI\u00d3N A MUJERES V\u00cdCTIMAS DE VIOLENCIA CON NUEVAS ALIANZAS<\/a>\n\t\t\t<\/h4>\n\t\t\t\t\t\t<div class='uagb-post__text uagb-post-grid-byline'>\n\t\t\t\t\t\t\t<\/div>\n\t\t\t\t\t\t<div class=\"uagb-post__text uagb-post__cta wp-block-button\">\n\t\t\t\t<a class=\"wp-block-button__link uagb-text-link\" style=\"\" href=\"https:\/\/alerojo.mx\/?p=13103\" target=\"_self\" rel=\"bookmark noopener noreferrer\">Leer m\u00e1s<\/a>\n\t\t\t<\/div>\n\t\t\t\n\t\t\t\t\t\t\t\t\t<\/article>\n\t\t\t\t\t\t\t\t\t\t\t\t\t\t\t\t<article class=\"uagb-post__inner-wrap\">\t\t\t\t\t\t\t\t<div class='uagb-post__image'>\n\t\t\t\t\t\t\t\t\t<a href=\"https:\/\/alerojo.mx\/?p=13097\" target=\"_self\" rel=\"bookmark noopener noreferrer\" class='uagb-image-ratio-inherit'><img loading=\"lazy\" decoding=\"async\" width=\"1352\" height=\"798\" src=\"https:\/\/alerojo.mx\/wp-content\/uploads\/2026\/08\/OPERATIVO-EN-TLATELOLCO-RECUPERA-ESPACIO-PUBLICO-TRAS-REPORTES-VECINALES.jpg\" class=\"attachment-large size-large\" alt=\"OPERATIVO EN TLATELOLCO RECUPERA ESPACIO P\u00daBLICO TRAS REPORTES VECINALES\" srcset=\"https:\/\/alerojo.mx\/wp-content\/uploads\/2026\/08\/OPERATIVO-EN-TLATELOLCO-RECUPERA-ESPACIO-PUBLICO-TRAS-REPORTES-VECINALES.jpg 1352w, https:\/\/alerojo.mx\/wp-content\/uploads\/2026\/08\/OPERATIVO-EN-TLATELOLCO-RECUPERA-ESPACIO-PUBLICO-TRAS-REPORTES-VECINALES-1080x637.jpg 1080w, https:\/\/alerojo.mx\/wp-content\/uploads\/2026\/08\/OPERATIVO-EN-TLATELOLCO-RECUPERA-ESPACIO-PUBLICO-TRAS-REPORTES-VECINALES-768x453.jpg 768w\" sizes=\"(max-width: 1352px) 100vw, 1352px\" \/>\t\t\t\t\t<\/a>\n\t\t\t\t\t\t\t<\/div>\n\t\t\t\t\t\t<h4 class=\"uagb-post__title uagb-post__text\">\n\t\t\t\t<a href=\"https:\/\/alerojo.mx\/?p=13097\" target=\"_self\" rel=\"bookmark noopener noreferrer\">OPERATIVO EN TLATELOLCO RECUPERA ESPACIO P\u00daBLICO TRAS REPORTES VECINALES<\/a>\n\t\t\t<\/h4>\n\t\t\t\t\t\t<div class='uagb-post__text uagb-post-grid-byline'>\n\t\t\t\t\t\t\t<\/div>\n\t\t\t\t\t\t<div class=\"uagb-post__text uagb-post__cta wp-block-button\">\n\t\t\t\t<a class=\"wp-block-button__link uagb-text-link\" style=\"\" href=\"https:\/\/alerojo.mx\/?p=13097\" target=\"_self\" rel=\"bookmark noopener noreferrer\">Leer m\u00e1s<\/a>\n\t\t\t<\/div>\n\t\t\t\n\t\t\t\t\t\t\t\t\t<\/article>\n\t\t\t\t\t\t\t\t\t\t\t<\/div>\n\t\t\t\n\n\n<div class=\"wp-block-group is-layout-constrained wp-block-group-is-layout-constrained\">\n<div class=\"wp-block-uagb-container uagb-block-dda01b3a\">\n<div class=\"wp-block-uagb-advanced-heading uagb-block-d951d5c7\"><h3 class=\"uagb-heading-text\">Las 10 de Ale<\/h3><\/div>\n\n\n<ul style=\"font-size:16px;font-style:normal;font-weight:700\" class=\"wp-block-page-list\"><li class=\"wp-block-pages-list__item\"><a class=\"wp-block-pages-list__item__link\" href=\"https:\/\/alerojo.mx\/?page_id=44\">Blindar Cuauht\u00e9moc<\/a><\/li><li class=\"wp-block-pages-list__item\"><a class=\"wp-block-pages-list__item__link\" href=\"https:\/\/alerojo.mx\/?page_id=46\">Puntos Violetas<\/a><\/li><li class=\"wp-block-pages-list__item\"><a class=\"wp-block-pages-list__item__link\" href=\"https:\/\/alerojo.mx\/?page_id=48\">Una obra al d\u00eda<\/a><\/li><li class=\"wp-block-pages-list__item\"><a class=\"wp-block-pages-list__item__link\" href=\"https:\/\/alerojo.mx\/?page_id=50\">Gobierno honesto y transparente<\/a><\/li><li class=\"wp-block-pages-list__item\"><a class=\"wp-block-pages-list__item__link\" href=\"https:\/\/alerojo.mx\/?page_id=52\">El progreso regresa a casa<\/a><\/li><li class=\"wp-block-pages-list__item\"><a class=\"wp-block-pages-list__item__link\" href=\"https:\/\/alerojo.mx\/?page_id=54\">Sin L\u00edmites<\/a><\/li><li class=\"wp-block-pages-list__item\"><a class=\"wp-block-pages-list__item__link\" href=\"https:\/\/alerojo.mx\/?page_id=56\">De la Cuauht\u00e9moc para el mundo<\/a><\/li><li class=\"wp-block-pages-list__item\"><a class=\"wp-block-pages-list__item__link\" href=\"https:\/\/alerojo.mx\/?page_id=58\">Tu voz importa<\/a><\/li><li class=\"wp-block-pages-list__item\"><a class=\"wp-block-pages-list__item__link\" href=\"https:\/\/alerojo.mx\/?page_id=60\">Renovemos la Cuauht\u00e9moc<\/a><\/li><li class=\"wp-block-pages-list__item\"><a class=\"wp-block-pages-list__item__link\" href=\"https:\/\/alerojo.mx\/?page_id=62\">Cuidar el agua es protegerte<\/a><\/li><\/ul><\/div>\n<\/div>\n<\/div>\n<\/div>\n\n\n\n<div class=\"wp-block-columns is-layout-flex wp-container-core-columns-is-layout-7387b849 wp-block-columns-is-layout-flex\">\n<div class=\"wp-block-column is-layout-flow wp-block-column-is-layout-flow\">\n<figure class=\"wp-block-embed is-type-video is-provider-youtube wp-block-embed-youtube wp-embed-aspect-16-9 wp-has-aspect-ratio\"><div class=\"wp-block-embed__wrapper\">\n<div class=\"ast-oembed-container \" style=\"height: 100%;\"><iframe title=\"\ud83e\udd1d\ud83c\uddec\ud83c\udde7 \u00a1Fortaleciendo lazos con el Reino Unido! Recibo a la Embajadora en Cuauht\u00e9moc\" width=\"500\" height=\"281\" src=\"https:\/\/www.youtube.com\/embed\/5A_q1GC6VjE?feature=oembed\" frameborder=\"0\" allow=\"accelerometer; autoplay; clipboard-write; encrypted-media; gyroscope; picture-in-picture; web-share\" referrerpolicy=\"strict-origin-when-cross-origin\" allowfullscreen><\/iframe><\/div>\n<\/div><\/figure>\n<\/div>\n\n\n\n<div class=\"wp-block-column is-layout-flow wp-block-column-is-layout-flow\">\n<figure class=\"wp-block-embed is-type-video is-provider-youtube wp-block-embed-youtube wp-embed-aspect-16-9 wp-has-aspect-ratio\"><div class=\"wp-block-embed__wrapper\">\n<div class=\"ast-oembed-container \" style=\"height: 100%;\"><iframe title=\"En estas condiciones encontramos la alcaldia Cuauhtemoc  \ud83d\udc00\ud83d\udea8\" width=\"500\" height=\"281\" src=\"https:\/\/www.youtube.com\/embed\/n4AalZV9Yi4?feature=oembed\" frameborder=\"0\" allow=\"accelerometer; autoplay; clipboard-write; encrypted-media; gyroscope; picture-in-picture; web-share\" referrerpolicy=\"strict-origin-when-cross-origin\" allowfullscreen><\/iframe><\/div>\n<\/div><\/figure>\n<\/div>\n\n\n\n<div class=\"wp-block-column is-layout-flow wp-block-column-is-layout-flow\">\n<figure class=\"wp-block-embed is-type-video is-provider-youtube wp-block-embed-youtube wp-embed-aspect-16-9 wp-has-aspect-ratio\"><div class=\"wp-block-embed__wrapper\">\n<div class=\"ast-oembed-container \" style=\"height: 100%;\"><iframe title=\"\u00a1Gobierno Cercano y Escucha Activa! \ud83e\udd1d As\u00ed Vivimos &amp;apos;Alcald\u00eda en tus Manos&amp;apos; en Cuauht\u00e9moc\" width=\"500\" height=\"281\" src=\"https:\/\/www.youtube.com\/embed\/XjXwW1CifcM?feature=oembed\" frameborder=\"0\" allow=\"accelerometer; autoplay; clipboard-write; encrypted-media; gyroscope; picture-in-picture; web-share\" referrerpolicy=\"strict-origin-when-cross-origin\" allowfullscreen><\/iframe><\/div>\n<\/div><\/figure>\n<\/div>\n<\/div>\n\n\n\n<div class=\"wp-block-columns is-layout-flex wp-container-core-columns-is-layout-7387b849 wp-block-columns-is-layout-flex\">\n<div class=\"wp-block-column is-layout-flow wp-block-column-is-layout-flow\">\n<h5 class=\"wp-block-heading has-text-align-center has-ast-global-color-3-color has-ast-global-color-6-background-color has-text-color has-background has-link-color wp-elements-1\">\ud83e\udd1d\ud83c\uddec\ud83c\udde7 \u00a1Fortaleciendo lazos con el Reino Unido! Recibo a la Embajadora en Cuauht\u00e9moc<\/h5>\n\n\n\n<p class=\"wp-block-paragraph\"><a href=\"https:\/\/www.youtube.com\/@AleRojoDlv\"><\/a><\/p>\n<\/div>\n\n\n\n<div class=\"wp-block-column is-layout-flow wp-block-column-is-layout-flow\">\n<h5 class=\"wp-block-heading has-text-align-center has-ast-global-color-3-color has-ast-global-color-6-background-color has-text-color has-background has-link-color has-medium-font-size wp-elements-2\" style=\"margin-top:0;margin-right:0;margin-bottom:0;margin-left:0\">En estas condiciones encontramos la alcaldia Cuauhtemoc \ud83d\udc00\ud83d\udea8<\/h5>\n\n\n\n<p class=\"wp-block-paragraph\"><\/p>\n<\/div>\n\n\n\n<div class=\"wp-block-column is-layout-flow wp-block-column-is-layout-flow\">\n<h5 class=\"wp-block-heading has-text-align-center has-ast-global-color-3-color has-ast-global-color-6-background-color has-text-color has-background has-link-color wp-elements-3\">\u00a1Gobierno Cercano y Escucha Activa! \ud83e\udd1d As\u00ed Vivimos &#8216;Alcald\u00eda en tus Manos&#8217; en Cuauht\u00e9moc<\/h5>\n\n\n\n<p class=\"wp-block-paragraph\"><a href=\"https:\/\/www.youtube.com\/@AleRojoDlv\"><\/a><\/p>\n<\/div>\n<\/div>\n\n\n\n<div class=\"wp-block-columns is-layout-flex wp-container-core-columns-is-layout-7387b849 wp-block-columns-is-layout-flex\">\n<div class=\"wp-block-column is-layout-flow wp-block-column-is-layout-flow\">\n<figure class=\"wp-block-embed is-type-video is-provider-youtube wp-block-embed-youtube wp-embed-aspect-16-9 wp-has-aspect-ratio\"><div class=\"wp-block-embed__wrapper\">\n<div class=\"ast-oembed-container \" style=\"height: 100%;\"><iframe title=\"\ud83d\ude94\ud83d\udc99 M\u00e1s Seguridad para Cuauht\u00e9moc | Entregamos Nuevas Patrullas y Moto Patrullas\" width=\"500\" height=\"281\" src=\"https:\/\/www.youtube.com\/embed\/LX1bgFOhjjA?feature=oembed\" frameborder=\"0\" allow=\"accelerometer; autoplay; clipboard-write; encrypted-media; gyroscope; picture-in-picture; web-share\" referrerpolicy=\"strict-origin-when-cross-origin\" allowfullscreen><\/iframe><\/div>\n<\/div><\/figure>\n<\/div>\n\n\n\n<div class=\"wp-block-column is-layout-flow wp-block-column-is-layout-flow\">\n<figure class=\"wp-block-embed is-type-video is-provider-youtube wp-block-embed-youtube wp-embed-aspect-16-9 wp-has-aspect-ratio\"><div class=\"wp-block-embed__wrapper\">\n<div class=\"ast-oembed-container \" style=\"height: 100%;\"><iframe title=\"\u2728 \u00a1Un reconocimiento para todas y todos! \u2728\" width=\"500\" height=\"281\" src=\"https:\/\/www.youtube.com\/embed\/98ihJZc8DCs?feature=oembed\" frameborder=\"0\" allow=\"accelerometer; autoplay; clipboard-write; encrypted-media; gyroscope; picture-in-picture; web-share\" referrerpolicy=\"strict-origin-when-cross-origin\" allowfullscreen><\/iframe><\/div>\n<\/div><\/figure>\n<\/div>\n\n\n\n<div class=\"wp-block-column is-layout-flow wp-block-column-is-layout-flow\"><\/div>\n<\/div>\n\n\n\n<div class=\"wp-block-columns is-layout-flex wp-container-core-columns-is-layout-7387b849 wp-block-columns-is-layout-flex\">\n<div class=\"wp-block-column is-layout-flow wp-block-column-is-layout-flow\">\n<h5 class=\"wp-block-heading has-text-align-center has-ast-global-color-3-color has-ast-global-color-6-background-color has-text-color has-background has-link-color wp-elements-4\">\ud83d\ude94\ud83d\udc99 M\u00e1s Seguridad para Cuauht\u00e9moc | Entregamos Nuevas Patrullas y Moto Patrullas<\/h5>\n\n\n\n<p class=\"wp-block-paragraph\"><a href=\"https:\/\/www.youtube.com\/@AleRojoDlv\"><\/a><\/p>\n<\/div>\n\n\n\n<div class=\"wp-block-column is-layout-flow wp-block-column-is-layout-flow\">\n<h5 class=\"wp-block-heading has-text-align-center has-ast-global-color-3-color has-ast-global-color-6-background-color has-text-color has-background has-link-color has-medium-font-size wp-elements-5\" style=\"margin-top:0;margin-right:0;margin-bottom:0;margin-left:0\">\u2728 \u00a1Un reconocimiento para todas y todos! \u2728<\/h5>\n\n\n\n<p class=\"wp-block-paragraph\"><\/p>\n<\/div>\n\n\n\n<div class=\"wp-block-column is-layout-flow wp-block-column-is-layout-flow\">\n<p class=\"wp-block-paragraph\"><a href=\"https:\/\/www.youtube.com\/@AleRojoDlv\"><\/a><\/p>\n<\/div>\n<\/div>\n\n\n\n<div class=\"wp-block-uagb-container uagb-block-3a170864 default uagb-is-root-container\">\n<div class=\"wp-block-uagb-container uagb-block-aa381297 alignfull uagb-is-root-container\"><div class=\"uagb-container-inner-blocks-wrap\">\n\t\t\t<div class=\"wp-block-uagb-post-carousel uagb-post-grid  uagb-post__image-position-top uagb-post__image-enabled uagb-block-6de3189a     uagb-post__arrow-outside uagb-slick-carousel uagb-post__items uagb-post__columns-4 is-carousel uagb-post__columns-tablet-2 uagb-post__columns-mobile-1 uagb-post__carousel_equal-height\" data-total=\"115\" style=\"\">\n\n\t\t\t\t\t\t\t\t\t\t\t\t<article class=\"uagb-post__inner-wrap\">\t\t\t\t\t\t\t\t<div class='uagb-post__image'>\n\t\t\t\t\t\t\t\t\t<a href=\"https:\/\/alerojo.mx\/?p=13183\" target=\"_self\" rel=\"bookmark noopener noreferrer\"><img loading=\"lazy\" decoding=\"async\" width=\"1352\" height=\"798\" src=\"https:\/\/alerojo.mx\/wp-content\/uploads\/2026\/09\/ALE-ROJO-DE-LA-VEGA-RECIBE-A-LEGISLADORES-DE-NUEVA-YORK-PARA-COMPARTIR-EXPERIENCIAS-DE-GOBIERNO-LOCAL.jpg\" class=\"attachment-full size-full\" alt=\"ALE ROJO DE LA VEGA RECIBE A LEGISLADORES DE NUEVA YORK PARA COMPARTIR EXPERIENCIAS DE GOBIERNO LOCAL\" srcset=\"https:\/\/alerojo.mx\/wp-content\/uploads\/2026\/09\/ALE-ROJO-DE-LA-VEGA-RECIBE-A-LEGISLADORES-DE-NUEVA-YORK-PARA-COMPARTIR-EXPERIENCIAS-DE-GOBIERNO-LOCAL.jpg 1352w, https:\/\/alerojo.mx\/wp-content\/uploads\/2026\/09\/ALE-ROJO-DE-LA-VEGA-RECIBE-A-LEGISLADORES-DE-NUEVA-YORK-PARA-COMPARTIR-EXPERIENCIAS-DE-GOBIERNO-LOCAL-1080x637.jpg 1080w, https:\/\/alerojo.mx\/wp-content\/uploads\/2026\/09\/ALE-ROJO-DE-LA-VEGA-RECIBE-A-LEGISLADORES-DE-NUEVA-YORK-PARA-COMPARTIR-EXPERIENCIAS-DE-GOBIERNO-LOCAL-768x453.jpg 768w\" sizes=\"(max-width: 1352px) 100vw, 1352px\" \/>\t\t\t\t\t<\/a>\n\t\t\t\t\t\t\t\t\t<\/div>\n\t\t\t\t\t\t<h4 class=\"uagb-post__title uagb-post__text\">\n\t\t\t\t<a href=\"https:\/\/alerojo.mx\/?p=13183\" target=\"_self\" rel=\"bookmark noopener noreferrer\">ALE ROJO DE LA VEGA RECIBE A LEGISLADORES DE NUEVA YORK PARA COMPARTIR EXPERIENCIAS DE GOBIERNO LOCAL<\/a>\n\t\t\t<\/h4>\n\t\t\t\t\t\t<div class='uagb-post__text uagb-post-grid-byline'>\n\t\t\t\t\t\t\t<\/div>\n\t\t\t\t\t\t<div class=\"uagb-post__text uagb-post__cta wp-block-button\">\n\t\t\t\t<a class=\"wp-block-button__link uagb-text-link\" style=\"\" href=\"https:\/\/alerojo.mx\/?p=13183\" target=\"_self\" rel=\"bookmark noopener noreferrer\">Leer m\u00e1s<\/a>\n\t\t\t<\/div>\n\t\t\t\n\t\t\t\t\t\t\t\t\t<\/article>\n\t\t\t\t\t\t\t\t\t\t\t\t\t\t\t\t<article class=\"uagb-post__inner-wrap\">\t\t\t\t\t\t\t\t<div class='uagb-post__image'>\n\t\t\t\t\t\t\t\t\t<a href=\"https:\/\/alerojo.mx\/?p=13167\" target=\"_self\" rel=\"bookmark noopener noreferrer\"><img loading=\"lazy\" decoding=\"async\" width=\"1352\" height=\"798\" src=\"https:\/\/alerojo.mx\/wp-content\/uploads\/2026\/09\/ALE-ROJO-DE-LA-VEGA-ENTREGA-CANCHA-EN-LA-ROMA-SUR-Y-SUMA-MAS-DE-360-ESPACIOS-RECUPERADOS.jpg\" class=\"attachment-full size-full\" alt=\"ALE ROJO DE LA VEGA ENTREGA CANCHA EN LA ROMA SUR Y SUMA M\u00c1S DE 360 ESPACIOS RECUPERADOS\" srcset=\"https:\/\/alerojo.mx\/wp-content\/uploads\/2026\/09\/ALE-ROJO-DE-LA-VEGA-ENTREGA-CANCHA-EN-LA-ROMA-SUR-Y-SUMA-MAS-DE-360-ESPACIOS-RECUPERADOS.jpg 1352w, https:\/\/alerojo.mx\/wp-content\/uploads\/2026\/09\/ALE-ROJO-DE-LA-VEGA-ENTREGA-CANCHA-EN-LA-ROMA-SUR-Y-SUMA-MAS-DE-360-ESPACIOS-RECUPERADOS-1080x637.jpg 1080w, https:\/\/alerojo.mx\/wp-content\/uploads\/2026\/09\/ALE-ROJO-DE-LA-VEGA-ENTREGA-CANCHA-EN-LA-ROMA-SUR-Y-SUMA-MAS-DE-360-ESPACIOS-RECUPERADOS-768x453.jpg 768w\" sizes=\"(max-width: 1352px) 100vw, 1352px\" \/>\t\t\t\t\t<\/a>\n\t\t\t\t\t\t\t\t\t<\/div>\n\t\t\t\t\t\t<h4 class=\"uagb-post__title uagb-post__text\">\n\t\t\t\t<a href=\"https:\/\/alerojo.mx\/?p=13167\" target=\"_self\" rel=\"bookmark noopener noreferrer\">ALE ROJO DE LA VEGA ENTREGA CANCHA EN LA ROMA SUR Y SUMA M\u00c1S DE 360 ESPACIOS RECUPERADOS<\/a>\n\t\t\t<\/h4>\n\t\t\t\t\t\t<div class='uagb-post__text uagb-post-grid-byline'>\n\t\t\t\t\t\t\t<\/div>\n\t\t\t\t\t\t<div class=\"uagb-post__text uagb-post__cta wp-block-button\">\n\t\t\t\t<a class=\"wp-block-button__link uagb-text-link\" style=\"\" href=\"https:\/\/alerojo.mx\/?p=13167\" target=\"_self\" rel=\"bookmark noopener noreferrer\">Leer m\u00e1s<\/a>\n\t\t\t<\/div>\n\t\t\t\n\t\t\t\t\t\t\t\t\t<\/article>\n\t\t\t\t\t\t\t\t\t\t\t\t\t\t\t\t<article class=\"uagb-post__inner-wrap\">\t\t\t\t\t\t\t\t<div class='uagb-post__image'>\n\t\t\t\t\t\t\t\t\t<a href=\"https:\/\/alerojo.mx\/?p=13147\" target=\"_self\" rel=\"bookmark noopener noreferrer\"><img loading=\"lazy\" decoding=\"async\" width=\"1352\" height=\"798\" src=\"https:\/\/alerojo.mx\/wp-content\/uploads\/2026\/09\/MEXICO-NO-TIENE-DUENOS-Y-LA-LIBERTAD-ES-RESPONSABILIDAD-DE-TODAS-Y-TODOS.jpg\" class=\"attachment-full size-full\" alt=\"M\u00c9XICO NO TIENE DUE\u00d1OS Y LA LIBERTAD ES RESPONSABILIDAD DE TODAS Y TODOS\" srcset=\"https:\/\/alerojo.mx\/wp-content\/uploads\/2026\/09\/MEXICO-NO-TIENE-DUENOS-Y-LA-LIBERTAD-ES-RESPONSABILIDAD-DE-TODAS-Y-TODOS.jpg 1352w, https:\/\/alerojo.mx\/wp-content\/uploads\/2026\/09\/MEXICO-NO-TIENE-DUENOS-Y-LA-LIBERTAD-ES-RESPONSABILIDAD-DE-TODAS-Y-TODOS-1080x637.jpg 1080w, https:\/\/alerojo.mx\/wp-content\/uploads\/2026\/09\/MEXICO-NO-TIENE-DUENOS-Y-LA-LIBERTAD-ES-RESPONSABILIDAD-DE-TODAS-Y-TODOS-768x453.jpg 768w\" sizes=\"(max-width: 1352px) 100vw, 1352px\" \/>\t\t\t\t\t<\/a>\n\t\t\t\t\t\t\t\t\t<\/div>\n\t\t\t\t\t\t<h4 class=\"uagb-post__title uagb-post__text\">\n\t\t\t\t<a href=\"https:\/\/alerojo.mx\/?p=13147\" target=\"_self\" rel=\"bookmark noopener noreferrer\">M\u00c9XICO NO TIENE DUE\u00d1OS Y LA LIBERTAD ES RESPONSABILIDAD DE TODAS Y TODOS<\/a>\n\t\t\t<\/h4>\n\t\t\t\t\t\t<div class='uagb-post__text uagb-post-grid-byline'>\n\t\t\t\t\t\t\t<\/div>\n\t\t\t\t\t\t<div class=\"uagb-post__text uagb-post__cta wp-block-button\">\n\t\t\t\t<a class=\"wp-block-button__link uagb-text-link\" style=\"\" href=\"https:\/\/alerojo.mx\/?p=13147\" target=\"_self\" rel=\"bookmark noopener noreferrer\">Leer m\u00e1s<\/a>\n\t\t\t<\/div>\n\t\t\t\n\t\t\t\t\t\t\t\t\t<\/article>\n\t\t\t\t\t\t\t\t\t\t\t\t\t\t\t\t<article class=\"uagb-post__inner-wrap\">\t\t\t\t\t\t\t\t<div class='uagb-post__image'>\n\t\t\t\t\t\t\t\t\t<a href=\"https:\/\/alerojo.mx\/?p=13133\" target=\"_self\" rel=\"bookmark noopener noreferrer\"><img loading=\"lazy\" decoding=\"async\" width=\"1352\" height=\"798\" src=\"https:\/\/alerojo.mx\/wp-content\/uploads\/2026\/08\/CON-DESCABLEALE-RETIRAMOS-550-METROS-DE-CABLEADO-EN-DESUSO-EN-LA-COLONIA-HIPODROMO-1.jpg\" class=\"attachment-full size-full\" alt=\"\" srcset=\"https:\/\/alerojo.mx\/wp-content\/uploads\/2026\/08\/CON-DESCABLEALE-RETIRAMOS-550-METROS-DE-CABLEADO-EN-DESUSO-EN-LA-COLONIA-HIPODROMO-1.jpg 1352w, https:\/\/alerojo.mx\/wp-content\/uploads\/2026\/08\/CON-DESCABLEALE-RETIRAMOS-550-METROS-DE-CABLEADO-EN-DESUSO-EN-LA-COLONIA-HIPODROMO-1-1080x637.jpg 1080w, https:\/\/alerojo.mx\/wp-content\/uploads\/2026\/08\/CON-DESCABLEALE-RETIRAMOS-550-METROS-DE-CABLEADO-EN-DESUSO-EN-LA-COLONIA-HIPODROMO-1-768x453.jpg 768w\" sizes=\"(max-width: 1352px) 100vw, 1352px\" \/>\t\t\t\t\t<\/a>\n\t\t\t\t\t\t\t\t\t<\/div>\n\t\t\t\t\t\t<h4 class=\"uagb-post__title uagb-post__text\">\n\t\t\t\t<a href=\"https:\/\/alerojo.mx\/?p=13133\" target=\"_self\" rel=\"bookmark noopener noreferrer\">CON DESCABL\u00c9ALE RETIRAMOS 550 METROS DE CABLEADO EN DESUSO EN LA COLONIA HIP\u00d3DROMO<\/a>\n\t\t\t<\/h4>\n\t\t\t\t\t\t<div class='uagb-post__text uagb-post-grid-byline'>\n\t\t\t\t\t\t\t<\/div>\n\t\t\t\t\t\t<div class=\"uagb-post__text uagb-post__cta wp-block-button\">\n\t\t\t\t<a class=\"wp-block-button__link uagb-text-link\" style=\"\" href=\"https:\/\/alerojo.mx\/?p=13133\" target=\"_self\" rel=\"bookmark noopener noreferrer\">Leer m\u00e1s<\/a>\n\t\t\t<\/div>\n\t\t\t\n\t\t\t\t\t\t\t\t\t<\/article>\n\t\t\t\t\t\t\t\t\t\t\t\t\t\t\t\t<article class=\"uagb-post__inner-wrap\">\t\t\t\t\t\t\t\t<div class='uagb-post__image'>\n\t\t\t\t\t\t\t\t\t<a href=\"https:\/\/alerojo.mx\/?p=13125\" target=\"_self\" rel=\"bookmark noopener noreferrer\"><img loading=\"lazy\" decoding=\"async\" width=\"1352\" height=\"798\" src=\"https:\/\/alerojo.mx\/wp-content\/uploads\/2026\/08\/CON-MUSICA-Y-CONVIVENCIA-CELEBRAMOS-A-LAS-PERSONAS-ADULTAS-MAYORES-DE-CUAUHTEMOC.jpg\" class=\"attachment-full size-full\" alt=\"CON M\u00daSICA Y CONVIVENCIA CELEBRAMOS A LAS PERSONAS ADULTAS MAYORES DE CUAUHT\u00c9MOC\" srcset=\"https:\/\/alerojo.mx\/wp-content\/uploads\/2026\/08\/CON-MUSICA-Y-CONVIVENCIA-CELEBRAMOS-A-LAS-PERSONAS-ADULTAS-MAYORES-DE-CUAUHTEMOC.jpg 1352w, https:\/\/alerojo.mx\/wp-content\/uploads\/2026\/08\/CON-MUSICA-Y-CONVIVENCIA-CELEBRAMOS-A-LAS-PERSONAS-ADULTAS-MAYORES-DE-CUAUHTEMOC-1080x637.jpg 1080w, https:\/\/alerojo.mx\/wp-content\/uploads\/2026\/08\/CON-MUSICA-Y-CONVIVENCIA-CELEBRAMOS-A-LAS-PERSONAS-ADULTAS-MAYORES-DE-CUAUHTEMOC-768x453.jpg 768w\" sizes=\"(max-width: 1352px) 100vw, 1352px\" \/>\t\t\t\t\t<\/a>\n\t\t\t\t\t\t\t\t\t<\/div>\n\t\t\t\t\t\t<h4 class=\"uagb-post__title uagb-post__text\">\n\t\t\t\t<a href=\"https:\/\/alerojo.mx\/?p=13125\" target=\"_self\" rel=\"bookmark noopener noreferrer\">CON M\u00daSICA Y CONVIVENCIA CELEBRAMOS A LAS PERSONAS ADULTAS MAYORES DE CUAUHT\u00c9MOC<\/a>\n\t\t\t<\/h4>\n\t\t\t\t\t\t<div class='uagb-post__text uagb-post-grid-byline'>\n\t\t\t\t\t\t\t<\/div>\n\t\t\t\t\t\t<div class=\"uagb-post__text uagb-post__cta wp-block-button\">\n\t\t\t\t<a class=\"wp-block-button__link uagb-text-link\" style=\"\" href=\"https:\/\/alerojo.mx\/?p=13125\" target=\"_self\" rel=\"bookmark noopener noreferrer\">Leer m\u00e1s<\/a>\n\t\t\t<\/div>\n\t\t\t\n\t\t\t\t\t\t\t\t\t<\/article>\n\t\t\t\t\t\t\t\t\t\t\t\t\t\t\t\t<article class=\"uagb-post__inner-wrap\">\t\t\t\t\t\t\t\t<div class='uagb-post__image'>\n\t\t\t\t\t\t\t\t\t<a href=\"https:\/\/alerojo.mx\/?p=13114\" target=\"_self\" rel=\"bookmark noopener noreferrer\"><img loading=\"lazy\" decoding=\"async\" width=\"1352\" height=\"798\" src=\"https:\/\/alerojo.mx\/wp-content\/uploads\/2026\/08\/5-MIL-400-VEHICULOS-ABANDONADOS-MENOS-EN-LAS-CALLES-DE-CUAUHTEMOC.jpg\" class=\"attachment-full size-full\" alt=\"5 MIL 400 VEH\u00cdCULOS ABANDONADOS MENOS EN LAS CALLES DE CUAUHT\u00c9MOC\" srcset=\"https:\/\/alerojo.mx\/wp-content\/uploads\/2026\/08\/5-MIL-400-VEHICULOS-ABANDONADOS-MENOS-EN-LAS-CALLES-DE-CUAUHTEMOC.jpg 1352w, https:\/\/alerojo.mx\/wp-content\/uploads\/2026\/08\/5-MIL-400-VEHICULOS-ABANDONADOS-MENOS-EN-LAS-CALLES-DE-CUAUHTEMOC-1080x637.jpg 1080w, https:\/\/alerojo.mx\/wp-content\/uploads\/2026\/08\/5-MIL-400-VEHICULOS-ABANDONADOS-MENOS-EN-LAS-CALLES-DE-CUAUHTEMOC-768x453.jpg 768w\" sizes=\"(max-width: 1352px) 100vw, 1352px\" \/>\t\t\t\t\t<\/a>\n\t\t\t\t\t\t\t\t\t<\/div>\n\t\t\t\t\t\t<h4 class=\"uagb-post__title uagb-post__text\">\n\t\t\t\t<a href=\"https:\/\/alerojo.mx\/?p=13114\" target=\"_self\" rel=\"bookmark noopener noreferrer\">5 MIL 400 VEH\u00cdCULOS ABANDONADOS MENOS EN LAS CALLES DE CUAUHT\u00c9MOC<\/a>\n\t\t\t<\/h4>\n\t\t\t\t\t\t<div class='uagb-post__text uagb-post-grid-byline'>\n\t\t\t\t\t\t\t<\/div>\n\t\t\t\t\t\t<div class=\"uagb-post__text uagb-post__cta wp-block-button\">\n\t\t\t\t<a class=\"wp-block-button__link uagb-text-link\" style=\"\" href=\"https:\/\/alerojo.mx\/?p=13114\" target=\"_self\" rel=\"bookmark noopener noreferrer\">Leer m\u00e1s<\/a>\n\t\t\t<\/div>\n\t\t\t\n\t\t\t\t\t\t\t\t\t<\/article>\n\t\t\t\t\t\t\t\t\t\t\t<\/div>\n\t\t\t<\/div><\/div>\n<\/div>\n<\/div>\n","protected":false},"excerpt":{"rendered":"<p>RENACE CUAUHT\u00c9MOC RECUPERA CANCHA DE FUTBOL EN TLATELOLCO PARA 3 MIL NI\u00d1AS, NI\u00d1OS Y J\u00d3VENES 01 septiembre 2026 Entregu\u00e9 la rehabilitaci\u00f3n de la cancha de futbol ubicada en la Tercera Secci\u00f3n de Tlatelolco, un espacio que diariamente es utilizado por ni\u00f1as, ni\u00f1os y j\u00f3venes de la zona y que ahora cuenta con mejores condiciones para [&hellip;]<\/p>\n","protected":false},"author":1,"featured_media":13157,"comment_status":"open","ping_status":"open","sticky":false,"template":"","format":"standard","meta":{"_uag_custom_page_level_css":"","site-sidebar-layout":"default","site-content-layout":"","ast-site-content-layout":"","site-content-style":"default","site-sidebar-style":"default","ast-global-header-display":"","ast-banner-title-visibility":"","ast-main-header-display":"","ast-hfb-above-header-display":"","ast-hfb-below-header-display":"","ast-hfb-mobile-header-display":"","site-post-title":"disabled","ast-breadcrumbs-content":"","ast-featured-img":"","footer-sml-layout":"","theme-transparent-header-meta":"","adv-header-id-meta":"","stick-header-meta":"","header-above-stick-meta":"","header-main-stick-meta":"","header-below-stick-meta":"","astra-migrate-meta-layouts":"default","ast-page-background-enabled":"default","ast-page-background-meta":{"desktop":{"background-color":"var(--ast-global-color-4)","background-image":"","background-repeat":"repeat","background-position":"center center","background-size":"auto","background-attachment":"scroll","background-type":"","background-media":"","overlay-type":"","overlay-color":"","overlay-opacity":"","overlay-gradient":""},"tablet":{"background-color":"","background-image":"","background-repeat":"repeat","background-position":"center center","background-size":"auto","background-attachment":"scroll","background-type":"","background-media":"","overlay-type":"","overlay-color":"","overlay-opacity":"","overlay-gradient":""},"mobile":{"background-color":"","background-image":"","background-repeat":"repeat","background-position":"center center","background-size":"auto","background-attachment":"scroll","background-type":"","background-media":"","overlay-type":"","overlay-color":"","overlay-opacity":"","overlay-gradient":""}},"ast-content-background-meta":{"desktop":{"background-color":"var(--ast-global-color-5)","background-image":"","background-repeat":"repeat","background-position":"center center","background-size":"auto","background-attachment":"scroll","background-type":"","background-media":"","overlay-type":"","overlay-color":"","overlay-opacity":"","overlay-gradient":""},"tablet":{"background-color":"var(--ast-global-color-5)","background-image":"","background-repeat":"repeat","background-position":"center center","background-size":"auto","background-attachment":"scroll","background-type":"","background-media":"","overlay-type":"","overlay-color":"","overlay-opacity":"","overlay-gradient":""},"mobile":{"background-color":"var(--ast-global-color-5)","background-image":"","background-repeat":"repeat","background-position":"center center","background-size":"auto","background-attachment":"scroll","background-type":"","background-media":"","overlay-type":"","overlay-color":"","overlay-opacity":"","overlay-gradient":""}},"footnotes":""},"categories":[1],"tags":[],"class_list":["post-13156","post","type-post","status-publish","format-standard","has-post-thumbnail","hentry","category-sin-categoria"],"uagb_featured_image_src":{"full":["https:\/\/alerojo.mx\/wp-content\/uploads\/2026\/09\/RENACE-CUAUHTEMOC-RECUPERA-CANCHA-DE-FUTBOL-EN-TLATELOLCO-PARA-3-MIL-NINAS-NINOS-Y-JOVENES.jpg",1352,798,false],"thumbnail":["https:\/\/alerojo.mx\/wp-content\/uploads\/2026\/09\/RENACE-CUAUHTEMOC-RECUPERA-CANCHA-DE-FUTBOL-EN-TLATELOLCO-PARA-3-MIL-NINAS-NINOS-Y-JOVENES-300x300.jpg",300,300,true],"medium":["https:\/\/alerojo.mx\/wp-content\/uploads\/2026\/09\/RENACE-CUAUHTEMOC-RECUPERA-CANCHA-DE-FUTBOL-EN-TLATELOLCO-PARA-3-MIL-NINAS-NINOS-Y-JOVENES-1080x637.jpg",1080,637,true],"medium_large":["https:\/\/alerojo.mx\/wp-content\/uploads\/2026\/09\/RENACE-CUAUHTEMOC-RECUPERA-CANCHA-DE-FUTBOL-EN-TLATELOLCO-PARA-3-MIL-NINAS-NINOS-Y-JOVENES-768x453.jpg",768,453,true],"large":["https:\/\/alerojo.mx\/wp-content\/uploads\/2026\/09\/RENACE-CUAUHTEMOC-RECUPERA-CANCHA-DE-FUTBOL-EN-TLATELOLCO-PARA-3-MIL-NINAS-NINOS-Y-JOVENES.jpg",1352,798,false],"1536x1536":["https:\/\/alerojo.mx\/wp-content\/uploads\/2026\/09\/RENACE-CUAUHTEMOC-RECUPERA-CANCHA-DE-FUTBOL-EN-TLATELOLCO-PARA-3-MIL-NINAS-NINOS-Y-JOVENES.jpg",1352,798,false],"2048x2048":["https:\/\/alerojo.mx\/wp-content\/uploads\/2026\/09\/RENACE-CUAUHTEMOC-RECUPERA-CANCHA-DE-FUTBOL-EN-TLATELOLCO-PARA-3-MIL-NINAS-NINOS-Y-JOVENES.jpg",1352,798,false]},"uagb_author_info":{"display_name":"daftpool","author_link":"https:\/\/alerojo.mx\/?author=1"},"uagb_comment_info":0,"uagb_excerpt":"RENACE CUAUHT\u00c9MOC RECUPERA CANCHA DE FUTBOL EN TLATELOLCO PARA 3 MIL NI\u00d1AS, NI\u00d1OS Y J\u00d3VENES 01 septiembre 2026 Entregu\u00e9 la rehabilitaci\u00f3n de la cancha de futbol ubicada en la Tercera Secci\u00f3n de Tlatelolco, un espacio que diariamente es utilizado por ni\u00f1as, ni\u00f1os y j\u00f3venes de la zona y que ahora cuenta con mejores condiciones para&hellip;","_links":{"self":[{"href":"https:\/\/alerojo.mx\/index.php?rest_route=\/wp\/v2\/posts\/13156","targetHints":{"allow":["GET"]}}],"collection":[{"href":"https:\/\/alerojo.mx\/index.php?rest_route=\/wp\/v2\/posts"}],"about":[{"href":"https:\/\/alerojo.mx\/index.php?rest_route=\/wp\/v2\/types\/post"}],"author":[{"embeddable":true,"href":"https:\/\/alerojo.mx\/index.php?rest_route=\/wp\/v2\/users\/1"}],"replies":[{"embeddable":true,"href":"https:\/\/alerojo.mx\/index.php?rest_route=%2Fwp%2Fv2%2Fcomments&post=13156"}],"version-history":[{"count":1,"href":"https:\/\/alerojo.mx\/index.php?rest_route=\/wp\/v2\/posts\/13156\/revisions"}],"predecessor-version":[{"id":13163,"href":"https:\/\/alerojo.mx\/index.php?rest_route=\/wp\/v2\/posts\/13156\/revisions\/13163"}],"wp:featuredmedia":[{"embeddable":true,"href":"https:\/\/alerojo.mx\/index.php?rest_route=\/wp\/v2\/media\/13157"}],"wp:attachment":[{"href":"https:\/\/alerojo.mx\/index.php?rest_route=%2Fwp%2Fv2%2Fmedia&parent=13156"}],"wp:term":[{"taxonomy":"category","embeddable":true,"href":"https:\/\/alerojo.mx\/index.php?rest_route=%2Fwp%2Fv2%2Fcategories&post=13156"},{"taxonomy":"post_tag","embeddable":true,"href":"https:\/\/alerojo.mx\/index.php?rest_route=%2Fwp%2Fv2%2Ftags&post=13156"}],"curies":[{"name":"wp","href":"https:\/\/api.w.org\/{rel}","templated":true}]}}